{"id":1886,"date":"2025-04-22T21:01:54","date_gmt":"2025-04-22T21:01:54","guid":{"rendered":"https:\/\/padelrey.pt\/padel-rey-ya-esta-abierto\/"},"modified":"2025-08-27T10:32:22","modified_gmt":"2025-08-27T10:32:22","slug":"padel-rey-ya-esta-abierto","status":"publish","type":"post","link":"https:\/\/padelrey.pt\/es\/padel-rey-ya-esta-abierto\/","title":{"rendered":"\u00a1Padel Rey ya est\u00e1 abierto!"},"content":{"rendered":"\n<h2 class=\"wp-block-heading\">El primer club de p\u00e1del de Peniche ha abierto sus puertas.<\/h2>\n\n<p>Con una superficie total de 1.800 metros cuadrados, contar\u00e1 con una academia dedicada a la ense\u00f1anza del p\u00e1del para todas las edades, \u00abdesde los cuatro hasta los 99 a\u00f1os\u00bb, que es la misi\u00f3n principal del proyecto.<\/p>\n\n<p>Tambi\u00e9n incluye una zona de bar donde se servir\u00e1n tentempi\u00e9s saludables, fomentando un estilo de vida equilibrado. Las cinco pistas cubiertas, todas con paredes de cristal, se pueden alquilar desde 40 \u20ac. Para m\u00e1s informaci\u00f3n sobre condiciones y precios, consulta la p\u00e1gina web.<\/p>\n\n<h3 class=\"wp-block-heading\">Destacados<\/h3>\n\n<p>Uno de los elementos m\u00e1s destacados del espacio es un mural firmado por el artista Carlos Vala, en honor del profesor Nuno Bello, importante figura de la regi\u00f3n fallecido en 2023.  <\/p>\n\n<blockquote class=\"wp-block-quote is-layout-flow wp-block-quote-is-layout-flow\">\n<p>\u00abFue mi profesor de secundaria y entrenador del equipo de voleibol. Hizo una contribuci\u00f3n sin parang\u00f3n al deporte local, fundando el departamento de gimnasia en los a\u00f1os 70 y organizando la primera prueba de triatl\u00f3n de Portugal. Quise honrarle con esta primera sede de p\u00e1del en Peniche\u00bb.<\/p>\n<\/blockquote>\n\n<p>Las inscripciones pueden hacerse en persona, visitando el club o a trav\u00e9s de las redes sociales. En cuanto al futuro, Jo\u00e3o tiene planes ambiciosos: \u00abQuiero contribuir al desarrollo de este deporte, sobre todo entre los j\u00f3venes, donde hay mucho por explorar en las escuelas. Y dado que Peniche ya es un centro tur\u00edstico vinculado al surf, creo que tambi\u00e9n hay espacio para atraer a este p\u00fablico.\u00bb<\/p>\n\n<p>Jo\u00e3o tambi\u00e9n subraya que su principal objetivo es \u00abconvertir el club en una referencia nacional, tanto por la excelencia en la gesti\u00f3n del deporte como por la forma en que nos relacionamos con quienes nos visitan\u00bb.<\/p>\n","protected":false},"excerpt":{"rendered":"<p>Con una superficie total de 1.800 metros cuadrados, contar\u00e1 con una academia dedicada a la ense\u00f1anza del p\u00e1del para todas las edades, \u00abdesde los cuatro hasta los 99 a\u00f1os\u00bb, que es la misi\u00f3n principal del proyecto.<\/p>\n","protected":false},"author":3,"featured_media":1681,"comment_status":"closed","ping_status":"open","sticky":false,"template":"","format":"standard","meta":{"footnotes":""},"categories":[65],"tags":[],"class_list":["post-1886","post","type-post","status-publish","format-standard","has-post-thumbnail","hentry","category-novedades"],"_links":{"self":[{"href":"https:\/\/padelrey.pt\/es\/wp-json\/wp\/v2\/posts\/1886","targetHints":{"allow":["GET"]}}],"collection":[{"href":"https:\/\/padelrey.pt\/es\/wp-json\/wp\/v2\/posts"}],"about":[{"href":"https:\/\/padelrey.pt\/es\/wp-json\/wp\/v2\/types\/post"}],"author":[{"embeddable":true,"href":"https:\/\/padelrey.pt\/es\/wp-json\/wp\/v2\/users\/3"}],"replies":[{"embeddable":true,"href":"https:\/\/padelrey.pt\/es\/wp-json\/wp\/v2\/comments?post=1886"}],"version-history":[{"count":1,"href":"https:\/\/padelrey.pt\/es\/wp-json\/wp\/v2\/posts\/1886\/revisions"}],"predecessor-version":[{"id":1889,"href":"https:\/\/padelrey.pt\/es\/wp-json\/wp\/v2\/posts\/1886\/revisions\/1889"}],"wp:featuredmedia":[{"embeddable":true,"href":"https:\/\/padelrey.pt\/es\/wp-json\/wp\/v2\/media\/1681"}],"wp:attachment":[{"href":"https:\/\/padelrey.pt\/es\/wp-json\/wp\/v2\/media?parent=1886"}],"wp:term":[{"taxonomy":"category","embeddable":true,"href":"https:\/\/padelrey.pt\/es\/wp-json\/wp\/v2\/categories?post=1886"},{"taxonomy":"post_tag","embeddable":true,"href":"https:\/\/padelrey.pt\/es\/wp-json\/wp\/v2\/tags?post=1886"}],"curies":[{"name":"wp","href":"https:\/\/api.w.org\/{rel}","templated":true}]}}