{"id":1898,"date":"2025-04-22T21:01:54","date_gmt":"2025-04-22T21:01:54","guid":{"rendered":"https:\/\/padelrey.pt\/padel-rey-est-maintenant-ouvert\/"},"modified":"2025-08-27T10:32:02","modified_gmt":"2025-08-27T10:32:02","slug":"padel-rey-est-maintenant-ouvert","status":"publish","type":"post","link":"https:\/\/padelrey.pt\/fr\/padel-rey-est-maintenant-ouvert\/","title":{"rendered":"Padel Rey est maintenant ouvert !"},"content":{"rendered":"\n<h2 class=\"wp-block-heading\">Le premier club de padel de Peniche a ouvert ses portes.<\/h2>\n\n<p>D&rsquo;une superficie totale de 1 800 m\u00e8tres carr\u00e9s, il disposera d&rsquo;une acad\u00e9mie d\u00e9di\u00e9e \u00e0 l&rsquo;enseignement du padel \u00e0 tous les \u00e2ges, \u00ab\u00a0de 4 \u00e0 99 ans\u00a0\u00bb, ce qui est la mission principale du projet.<\/p>\n\n<p>Il comprend \u00e9galement un bar o\u00f9 seront servis des en-cas sains, favorisant ainsi un mode de vie \u00e9quilibr\u00e9. Les cinq terrains int\u00e9rieurs, tous dot\u00e9s de parois en verre, sont disponibles \u00e0 la location \u00e0 partir de 40 euros. De plus amples informations sur les conditions et les prix sont disponibles en ligne.<\/p>\n\n<h3 class=\"wp-block-heading\">Points forts<\/h3>\n\n<p>L&rsquo;un des points forts de l&rsquo;espace est une peinture murale sign\u00e9e par l&rsquo;artiste Carlos Vala, en l&rsquo;honneur du professeur Nuno Bello &#8211; une figure importante de la r\u00e9gion d\u00e9c\u00e9d\u00e9e en 2023.  <\/p>\n\n<blockquote class=\"wp-block-quote is-layout-flow wp-block-quote-is-layout-flow\">\n<p>\u00ab\u00a0Il \u00e9tait mon professeur au lyc\u00e9e et l&rsquo;entra\u00eeneur de l&rsquo;\u00e9quipe de volley-ball. Il a apport\u00e9 une contribution in\u00e9gal\u00e9e au sport local, en fondant le d\u00e9partement de gymnastique dans les ann\u00e9es 1970 et en organisant le premier triathlon au Portugal. Je voulais lui rendre hommage en cr\u00e9ant ce premier site de padel \u00e0 Peniche\u00a0\u00bb.<\/p>\n<\/blockquote>\n\n<p>Les inscriptions peuvent se faire en personne, en visitant le club ou via les m\u00e9dias sociaux. En ce qui concerne l&rsquo;avenir, Jo\u00e3o a des projets ambitieux : \u00ab\u00a0Je veux contribuer au d\u00e9veloppement de ce sport, en particulier chez les jeunes, o\u00f9 il y a beaucoup \u00e0 d\u00e9couvrir dans les \u00e9coles. Et comme Peniche est d\u00e9j\u00e0 un centre touristique li\u00e9 au surf, je pense qu&rsquo;il est possible d&rsquo;attirer ce public \u00e9galement. <\/p>\n\n<p>Jo\u00e3o souligne \u00e9galement que son objectif principal est de \u00ab\u00a0faire du club une r\u00e9f\u00e9rence nationale, tant pour l&rsquo;excellence dans la gestion du sport que pour la mani\u00e8re dont nous nous comportons avec ceux qui nous rendent visite\u00a0\u00bb.<\/p>\n","protected":false},"excerpt":{"rendered":"<p>D&rsquo;une superficie totale de 1 800 m\u00e8tres carr\u00e9s, il disposera d&rsquo;une acad\u00e9mie d\u00e9di\u00e9e \u00e0 l&rsquo;enseignement du padel \u00e0 tous les \u00e2ges, \u00ab\u00a0de 4 \u00e0 99 ans\u00a0\u00bb, ce qui est la mission principale du projet.<\/p>\n","protected":false},"author":3,"featured_media":1680,"comment_status":"closed","ping_status":"open","sticky":false,"template":"","format":"standard","meta":{"footnotes":""},"categories":[64],"tags":[],"class_list":["post-1898","post","type-post","status-publish","format-standard","has-post-thumbnail","hentry","category-nouveautes"],"_links":{"self":[{"href":"https:\/\/padelrey.pt\/fr\/wp-json\/wp\/v2\/posts\/1898","targetHints":{"allow":["GET"]}}],"collection":[{"href":"https:\/\/padelrey.pt\/fr\/wp-json\/wp\/v2\/posts"}],"about":[{"href":"https:\/\/padelrey.pt\/fr\/wp-json\/wp\/v2\/types\/post"}],"author":[{"embeddable":true,"href":"https:\/\/padelrey.pt\/fr\/wp-json\/wp\/v2\/users\/3"}],"replies":[{"embeddable":true,"href":"https:\/\/padelrey.pt\/fr\/wp-json\/wp\/v2\/comments?post=1898"}],"version-history":[{"count":2,"href":"https:\/\/padelrey.pt\/fr\/wp-json\/wp\/v2\/posts\/1898\/revisions"}],"predecessor-version":[{"id":2130,"href":"https:\/\/padelrey.pt\/fr\/wp-json\/wp\/v2\/posts\/1898\/revisions\/2130"}],"wp:featuredmedia":[{"embeddable":true,"href":"https:\/\/padelrey.pt\/fr\/wp-json\/wp\/v2\/media\/1680"}],"wp:attachment":[{"href":"https:\/\/padelrey.pt\/fr\/wp-json\/wp\/v2\/media?parent=1898"}],"wp:term":[{"taxonomy":"category","embeddable":true,"href":"https:\/\/padelrey.pt\/fr\/wp-json\/wp\/v2\/categories?post=1898"},{"taxonomy":"post_tag","embeddable":true,"href":"https:\/\/padelrey.pt\/fr\/wp-json\/wp\/v2\/tags?post=1898"}],"curies":[{"name":"wp","href":"https:\/\/api.w.org\/{rel}","templated":true}]}}